{"id":37389,"date":"2026-08-30T08:06:38","date_gmt":"2026-08-30T13:06:38","guid":{"rendered":"https:\/\/asamblea-cordoba.gov.co\/?p=37389"},"modified":"2026-08-30T16:07:51","modified_gmt":"2026-08-30T21:07:51","slug":"invitacion-sesion-de-comision-extraordinaria-31-agosto-de-2026","status":"publish","type":"post","link":"https:\/\/asamblea-cordoba.gov.co\/en\/invitacion-sesion-de-comision-extraordinaria-31-agosto-de-2026\/","title":{"rendered":"INVITACI\u00d3N SESI\u00d3N DE COMISI\u00d3N EXTRAORDINARIA 31 AGOSTO DE 2026"},"content":{"rendered":"","protected":false},"excerpt":{"rendered":"","protected":false},"author":1,"featured_media":37387,"comment_status":"closed","ping_status":"open","sticky":false,"template":"","format":"standard","meta":{"footnotes":""},"categories":[212,236,1],"tags":[],"class_list":["post-37389","post","type-post","status-publish","format-standard","has-post-thumbnail","hentry","category-noticias","category-publicaciones","category-uncategorized"],"_links":{"self":[{"href":"https:\/\/asamblea-cordoba.gov.co\/en\/wp-json\/wp\/v2\/posts\/37389","targetHints":{"allow":["GET"]}}],"collection":[{"href":"https:\/\/asamblea-cordoba.gov.co\/en\/wp-json\/wp\/v2\/posts"}],"about":[{"href":"https:\/\/asamblea-cordoba.gov.co\/en\/wp-json\/wp\/v2\/types\/post"}],"author":[{"embeddable":true,"href":"https:\/\/asamblea-cordoba.gov.co\/en\/wp-json\/wp\/v2\/users\/1"}],"replies":[{"embeddable":true,"href":"https:\/\/asamblea-cordoba.gov.co\/en\/wp-json\/wp\/v2\/comments?post=37389"}],"version-history":[{"count":1,"href":"https:\/\/asamblea-cordoba.gov.co\/en\/wp-json\/wp\/v2\/posts\/37389\/revisions"}],"predecessor-version":[{"id":37390,"href":"https:\/\/asamblea-cordoba.gov.co\/en\/wp-json\/wp\/v2\/posts\/37389\/revisions\/37390"}],"wp:featuredmedia":[{"embeddable":true,"href":"https:\/\/asamblea-cordoba.gov.co\/en\/wp-json\/wp\/v2\/media\/37387"}],"wp:attachment":[{"href":"https:\/\/asamblea-cordoba.gov.co\/en\/wp-json\/wp\/v2\/media?parent=37389"}],"wp:term":[{"taxonomy":"category","embeddable":true,"href":"https:\/\/asamblea-cordoba.gov.co\/en\/wp-json\/wp\/v2\/categories?post=37389"},{"taxonomy":"post_tag","embeddable":true,"href":"https:\/\/asamblea-cordoba.gov.co\/en\/wp-json\/wp\/v2\/tags?post=37389"}],"curies":[{"name":"wp","href":"https:\/\/api.w.org\/{rel}","templated":true}]}}